{"id":1259,"date":"2021-02-15T17:07:00","date_gmt":"2021-02-15T17:07:00","guid":{"rendered":"https:\/\/querciahouses.com\/?p=1259"},"modified":"2024-03-20T17:09:45","modified_gmt":"2024-03-20T17:09:45","slug":"descubra-viana-do-castelo","status":"publish","type":"post","link":"https:\/\/querciahouses.com\/pt\/explore-viana-do-castelo\/","title":{"rendered":"Explore Viana do Castelo"},"content":{"rendered":"<p>O folclore est\u00e1 no ADN dos Vianenses, a chieira (orgulho) nas ra\u00edzes e cultura da terra \u00e9 transmitida de gera\u00e7\u00e3o em gera\u00e7\u00e3o e nunca esquecida ou adormecida. Este amor \u00e9 cultivado diariamente e expresso periodicamente em v\u00e1rios locais da cidade e em v\u00e1rias datas dedicadas \u00e0 express\u00e3o do Minho e da sua tradi\u00e7\u00e3o.<\/p>\n\n\n\n<p>H\u00e1 espa\u00e7os na cidade dedicados ao orgulho das gentes pelo seu patrim\u00f3nio que, para al\u00e9m de preservarem a identidade da regi\u00e3o, d\u00e3o a conhecer ao visitante o que \u00e9 ser vianense:<\/p>\n\n\n\n<h3 class=\"wp-block-heading\">Museu do Traje<\/h3>\n\n\n\n<p class=\"translation-block\">Criado em 1997 com a miss\u00e3o de estudar e divulgar a identidade e o patrim\u00f3nio etnogr\u00e1fico de Viana, o traje \u00e0 vianesa. Traje popular feminino, de cariz rural, usado nas aldeias dos arredores de <a href=\"\/pt\/visite-viana-do-castelo\" target=\"_self\">Viana do Castelo<\/a>, que gradualmente foi adquirindo caracter\u00edsticas que o tornaram \u00fanico e totalmente distintivo. A sua diferen\u00e7a levou-o a tornar-se simb\u00f3lico e o maior \u00edcone da identidade de Viana do Castelo.<\/p>\n\n\n\n<p>Este museu foi concebido para cumprir a miss\u00e3o de comunicar e valorizar o valor informativo do traje, e refor\u00e7ar a sua import\u00e2ncia na divulga\u00e7\u00e3o da cidade e da regi\u00e3o, uma vez que, naturalmente, n\u00e3o \u00e9 poss\u00edvel encontr\u00e1-lo no quotidiano (exceto em situa\u00e7\u00f5es especiais como festas, romarias e festivais de folclore).<\/p>\n\n\n\n<h3 class=\"wp-block-heading\">Navio Hospital Gil Eannes<\/h3>\n\n\n\n<p>A liga\u00e7\u00e3o ao mar nesta terra prevalece h\u00e1 centenas de anos, os seus pescadores e as suas viagens ao mar criaram muito do que \u00e9 hoje Viana do Castelo. O Gil Eanes fez parte desta hist\u00f3ria. Para al\u00e9m de ter sido constru\u00eddo nos estaleiros da cidade, apoiava os pescadores na captura do bacalhau.<\/p>\n\n\n\n<p>Esta liga\u00e7\u00e3o marcou-o como s\u00edmbolo material desta \u00e9poca e, em 1998, a Funda\u00e7\u00e3o Gil Eannes, FP, considerando-o patrim\u00f3nio cultural e afetivo da cidade, resgatou-o da sucata e, a 31 de janeiro de 1998, foi recebido em festa na Foz do Lima, onde, depois de limpo e restaurado, foi aberto ao p\u00fablico.<\/p>\n\n\n\n<p>Mas se quiser experimentar o esp\u00edrito do Minho no seu melhor, tem a oportunidade:<\/p>\n\n\n\n<h3 class=\"wp-block-heading\">Quinta de Santoinho<\/h3>\n\n\n\n<p>Empreendimento tur\u00edstico que se destaca pelas suas caracter\u00edsticas peculiares e ineg\u00e1vel originalidade, proporciona uma experi\u00eancia de festa minhota.<\/p>\n\n\n\n<p>Para al\u00e9m de ser um produto de anima\u00e7\u00e3o tur\u00edstica, cumpre o papel de ve\u00edculo de promo\u00e7\u00e3o da cultura minhota, atrav\u00e9s da exposi\u00e7\u00e3o permanente de uma variada cole\u00e7\u00e3o de alfaias e utens\u00edlios do campo, figuras de granito, espigueiros de todos os concelhos de Viana do Castelo, entre muitos outros objectos. \u00c9 frequentemente sonorizado por m\u00fasica popular, can\u00e7\u00f5es regionais e o som da concertina.<\/p>\n\n\n\n<h3 class=\"wp-block-heading\">Romaria N\u00aa Sr\u00aa d'Agonia<\/h3>\n\n\n\n<p>Na imponente Romaria de N\u00aa Sr\u00aa d'Agonia, a tradi\u00e7\u00e3o atinge o seu auge.<\/p>\n\n\n\n<p>Durante estes dias, celebram-se as cren\u00e7as e a cultura desta cidade. A prociss\u00e3o at\u00e9 ao mar e as ruas decoradas com tapetes floridos testemunham a profunda devo\u00e7\u00e3o religiosa e a liga\u00e7\u00e3o ao mar. A etnografia tem o seu lugar nos desfiles do Cortejo Etnogr\u00e1fico e na Festa do Traje, onde se podem admirar os belos trajes de noivas, mordomos e lavradores, envergados por belas mulheres minhotas com o peito repleto de aut\u00eanticas obras de arte em ouro.<\/p>\n\n\n\n<p><strong>Viana acolhe quem a quer conhecer.<\/strong><\/p>","protected":false},"excerpt":{"rendered":"<p>O folclore est\u00e1 no ADN dos Vianenses, a chieira (orgulho) nas ra\u00edzes e cultura da terra \u00e9 passada de gera\u00e7\u00e3o em gera\u00e7\u00e3o e nunca esquecida ou adormecida. Este amor \u00e9 cultivado diariamente e expresso periodicamente em v\u00e1rios locais da cidade e em v\u00e1rios<\/p>","protected":false},"author":1,"featured_media":1261,"comment_status":"closed","ping_status":"closed","sticky":false,"template":"","format":"standard","meta":{"_acf_changed":false,"rs_blank_template":"","rs_page_bg_color":"","slide_template_v7":"","footnotes":""},"categories":[24],"tags":[],"class_list":["post-1259","post","type-post","status-publish","format-standard","has-post-thumbnail","hentry","category-viana-do-castelo","generate-columns","tablet-grid-50","mobile-grid-100","grid-parent","grid-33"],"acf":[],"_links":{"self":[{"href":"https:\/\/querciahouses.com\/pt\/wp-json\/wp\/v2\/posts\/1259","targetHints":{"allow":["GET"]}}],"collection":[{"href":"https:\/\/querciahouses.com\/pt\/wp-json\/wp\/v2\/posts"}],"about":[{"href":"https:\/\/querciahouses.com\/pt\/wp-json\/wp\/v2\/types\/post"}],"author":[{"embeddable":true,"href":"https:\/\/querciahouses.com\/pt\/wp-json\/wp\/v2\/users\/1"}],"replies":[{"embeddable":true,"href":"https:\/\/querciahouses.com\/pt\/wp-json\/wp\/v2\/comments?post=1259"}],"version-history":[{"count":0,"href":"https:\/\/querciahouses.com\/pt\/wp-json\/wp\/v2\/posts\/1259\/revisions"}],"wp:featuredmedia":[{"embeddable":true,"href":"https:\/\/querciahouses.com\/pt\/wp-json\/wp\/v2\/media\/1261"}],"wp:attachment":[{"href":"https:\/\/querciahouses.com\/pt\/wp-json\/wp\/v2\/media?parent=1259"}],"wp:term":[{"taxonomy":"category","embeddable":true,"href":"https:\/\/querciahouses.com\/pt\/wp-json\/wp\/v2\/categories?post=1259"},{"taxonomy":"post_tag","embeddable":true,"href":"https:\/\/querciahouses.com\/pt\/wp-json\/wp\/v2\/tags?post=1259"}],"curies":[{"name":"wp","href":"https:\/\/api.w.org\/{rel}","templated":true}]}}