{"id":1262,"date":"2021-02-15T17:18:00","date_gmt":"2021-02-15T17:18:00","guid":{"rendered":"https:\/\/querciahouses.com\/?p=1262"},"modified":"2024-03-20T17:20:01","modified_gmt":"2024-03-20T17:20:01","slug":"ligacoes-ao-mar","status":"publish","type":"post","link":"https:\/\/querciahouses.com\/pt\/connections-to-the-sea\/","title":{"rendered":"Liga\u00e7\u00f5es ao mar"},"content":{"rendered":"<p>Foi na \u00e1gua que os portugueses descobriram e conquistaram o mundo. Foi o mar que marcou Portugal num dos mais importantes cap\u00edtulos da hist\u00f3ria e \u00e9 o mar que abra\u00e7a este pa\u00eds e o presenteia com magn\u00edficas paisagens.<\/p>\n\n\n\n<h3 class=\"wp-block-heading\">Viana do Castelo.<\/h3>\n\n\n\n<p>H\u00e1 anos participou nos Descobrimentos Portugueses e, centenas de anos depois, na pesca do bacalhau, e a sua liga\u00e7\u00e3o ao mar faz parte da tradi\u00e7\u00e3o das suas gentes. Hoje, a liga\u00e7\u00e3o n\u00e3o se faz apenas nos navios ou com as redes de pesca; a aventura da descoberta transformou-se, abrindo-se a pranchas de mergulho e \u00f3culos de prote\u00e7\u00e3o.<\/p>\n\n\n\n<p class=\"translation-block\">N\u00e3o h\u00e1 falta de <a href=\"\/pt\/actividades\/lazer\/praia\/\" target=\"_self\">praias<\/a> nesta cidade, mas a sul da foz do rio Lima, a Praia do Cabedelo \u00e9 a preferida dos habitantes de <a href=\"\/pt\/visite-viana-do-castelo\" target=\"_self\">Viana do Castelo<\/a>. Rodeada de dunas e de um pinhal onde se situam dois parques de campismo, esta bela praia em forma de meia-lua \u00e9 uma das mais procuradas da regi\u00e3o, estando dividida em duas zonas que permitem ao visitante usufruir dela de diferentes formas e satisfazer diferentes expectativas e gostos. No lado norte do pont\u00e3o, com ventos fortes, \u00e9 perfeita para a pr\u00e1tica de desportos n\u00e1uticos e \u00e9 palco de v\u00e1rias competi\u00e7\u00f5es internacionais. Surfistas, windsurfistas e bodyboarders frequentam-na regularmente, encontrando a ondula\u00e7\u00e3o perfeita durante o dia e anima\u00e7\u00e3o \u00e0 noite nos muitos bares ao longo do areal. No lado sul, existe uma segunda praia com extensas dunas e \u00e1guas l\u00edmpidas, o local ideal para os dias em fam\u00edlia e para as crian\u00e7as desfrutarem de um dia tranquilo ao sol.<\/p>\n\n\n\n<p>O Cabedelo satisfaz os mais exigentes e enquanto na \u00e1gua se podem realizar diversas actividades, desde o surf, bodyboard, windsurf ou mesmo mergulho, em terra pode ter a certeza que todos os esfor\u00e7os s\u00e3o feitos para que a experi\u00eancia seja a melhor poss\u00edvel:<\/p>\n\n\n\n<ul class=\"wp-block-list\">\n<li>Bandeira Azul;<\/li>\n\n\n\n<li>Seguran\u00e7a ou vigil\u00e2ncia;<\/li>\n\n\n\n<li>Aluguer de toldos e guarda-s\u00f3is;<\/li>\n\n\n\n<li>Aluguer de barcos ligeiros;<\/li>\n\n\n\n<li>Chuveiros<\/li>\n\n\n\n<li>Parque de estacionamento;<\/li>\n\n\n\n<li>Bar;<\/li>\n\n\n\n<li>Restaurante<\/li>\n<\/ul>\n\n\n\n<p>Mas se as ondas e as \u00e1guas salgadas n\u00e3o s\u00e3o a sua praia, n\u00e3o se preocupe, o rio Lima abre outras op\u00e7\u00f5es e sair\u00e1 igualmente feliz e com vontade de regressar, seja num barco\/canoa, \u00e0 vela, a remo ou de canoa, ou mesmo a alta velocidade num jet-ski.<\/p>","protected":false},"excerpt":{"rendered":"<p>Foi na \u00e1gua que os portugueses descobriram e conquistaram o mundo. Foi o mar que marcou Portugal num dos mais importantes cap\u00edtulos da hist\u00f3ria e \u00e9 o mar que abra\u00e7a este pa\u00eds e o presenteia com magn\u00edficas paisagens. Viana do Castelo H\u00e1 muitos anos atr\u00e1s<\/p>","protected":false},"author":1,"featured_media":1129,"comment_status":"closed","ping_status":"closed","sticky":false,"template":"","format":"standard","meta":{"_acf_changed":false,"rs_blank_template":"","rs_page_bg_color":"","slide_template_v7":"","footnotes":""},"categories":[24],"tags":[],"class_list":["post-1262","post","type-post","status-publish","format-standard","has-post-thumbnail","hentry","category-viana-do-castelo","generate-columns","tablet-grid-50","mobile-grid-100","grid-parent","grid-33"],"acf":[],"_links":{"self":[{"href":"https:\/\/querciahouses.com\/pt\/wp-json\/wp\/v2\/posts\/1262","targetHints":{"allow":["GET"]}}],"collection":[{"href":"https:\/\/querciahouses.com\/pt\/wp-json\/wp\/v2\/posts"}],"about":[{"href":"https:\/\/querciahouses.com\/pt\/wp-json\/wp\/v2\/types\/post"}],"author":[{"embeddable":true,"href":"https:\/\/querciahouses.com\/pt\/wp-json\/wp\/v2\/users\/1"}],"replies":[{"embeddable":true,"href":"https:\/\/querciahouses.com\/pt\/wp-json\/wp\/v2\/comments?post=1262"}],"version-history":[{"count":0,"href":"https:\/\/querciahouses.com\/pt\/wp-json\/wp\/v2\/posts\/1262\/revisions"}],"wp:featuredmedia":[{"embeddable":true,"href":"https:\/\/querciahouses.com\/pt\/wp-json\/wp\/v2\/media\/1129"}],"wp:attachment":[{"href":"https:\/\/querciahouses.com\/pt\/wp-json\/wp\/v2\/media?parent=1262"}],"wp:term":[{"taxonomy":"category","embeddable":true,"href":"https:\/\/querciahouses.com\/pt\/wp-json\/wp\/v2\/categories?post=1262"},{"taxonomy":"post_tag","embeddable":true,"href":"https:\/\/querciahouses.com\/pt\/wp-json\/wp\/v2\/tags?post=1262"}],"curies":[{"name":"wp","href":"https:\/\/api.w.org\/{rel}","templated":true}]}}