{"id":1264,"date":"2022-02-19T17:22:00","date_gmt":"2022-02-19T17:22:00","guid":{"rendered":"https:\/\/querciahouses.com\/?p=1264"},"modified":"2024-05-29T13:16:06","modified_gmt":"2024-05-29T13:16:06","slug":"viana-cidade-europeia-do-desporto-2023","status":"publish","type":"post","link":"https:\/\/querciahouses.com\/pt\/european-sport-city-2023\/","title":{"rendered":"Viana do Castelo Cidade Europeia do Desporto 2023"},"content":{"rendered":"<p>A Comiss\u00e3o de Avalia\u00e7\u00e3o da Associa\u00e7\u00e3o das Capitais e Cidades Europeias do Desporto (ACES Europe) oficializou hoje Viana do Castelo como Cidade Europeia do Desporto para 2023.<\/p>\n\n\n\n<h3 class=\"wp-block-heading\">Viana do Castelo.<\/h3>\n\n\n\n<p>O Presidente do ACES Europa afirmou que a candidatura era \u201cmuito forte\u201d e que \u201c <a href=\"\/pt\/visite-viana-do-castelo\/\">Viana do Castelo.<\/a> tem a fant\u00e1stica possibilidade de acolher desportos de todos os tipos, gra\u00e7as ao mar, ao rio e \u00e0s infra-estruturas existentes\u201d.<\/p>\n\n\n\n<p>O representante sublinhou ainda que \u201cesta \u00e9 uma cidade que est\u00e1 empenhada no desporto, que ama o desporto\u201d.<\/p>\n\n\n\n<p><a href=\"\/pt\/visite-viana-do-castelo\/\">Viana do Castelo.<\/a> disp\u00f5e de v\u00e1rias instala\u00e7\u00f5es desportivas, mas as \u201cj\u00f3ias da coroa\u201d do munic\u00edpio s\u00e3o as<\/p>\n\n\n\n<ul class=\"wp-block-list\">\n<li>Centro de Alto Rendimento de Surf; <\/li>\n\n\n\n<li>Centro de canoagem;<\/li>\n\n\n\n<li>Centro de remo; <\/li>\n\n\n\n<li>Centro de Vela.<\/li>\n<\/ul>\n\n\n\n<p>Como Cidade Europeia do Desporto 2023, Viana do Castelo pretende encorajar o prazer pelo exerc\u00edcio, a determina\u00e7\u00e3o em alcan\u00e7ar, o esp\u00edrito comunit\u00e1rio, a aprendizagem do fair play e a melhoria da sa\u00fade da comunidade.<\/p>","protected":false},"excerpt":{"rendered":"<p>A Comiss\u00e3o de Avalia\u00e7\u00e3o da Associa\u00e7\u00e3o das Capitais e Cidades Europeias do Desporto (ACES Europe) oficializou hoje Viana do Castelo como Cidade Europeia do Desporto para 2023. Viana do Castelo O Presidente da ACES Europe afirmou que a candidatura era \u201cmuito forte\u201d e que \u201cViana do Castelo tem<\/p>","protected":false},"author":1,"featured_media":1267,"comment_status":"closed","ping_status":"closed","sticky":false,"template":"","format":"standard","meta":{"_acf_changed":false,"rs_blank_template":"","rs_page_bg_color":"","slide_template_v7":"","footnotes":""},"categories":[24],"tags":[],"class_list":["post-1264","post","type-post","status-publish","format-standard","has-post-thumbnail","hentry","category-viana-do-castelo","generate-columns","tablet-grid-50","mobile-grid-100","grid-parent","grid-33"],"acf":[],"_links":{"self":[{"href":"https:\/\/querciahouses.com\/pt\/wp-json\/wp\/v2\/posts\/1264","targetHints":{"allow":["GET"]}}],"collection":[{"href":"https:\/\/querciahouses.com\/pt\/wp-json\/wp\/v2\/posts"}],"about":[{"href":"https:\/\/querciahouses.com\/pt\/wp-json\/wp\/v2\/types\/post"}],"author":[{"embeddable":true,"href":"https:\/\/querciahouses.com\/pt\/wp-json\/wp\/v2\/users\/1"}],"replies":[{"embeddable":true,"href":"https:\/\/querciahouses.com\/pt\/wp-json\/wp\/v2\/comments?post=1264"}],"version-history":[{"count":1,"href":"https:\/\/querciahouses.com\/pt\/wp-json\/wp\/v2\/posts\/1264\/revisions"}],"predecessor-version":[{"id":2117,"href":"https:\/\/querciahouses.com\/pt\/wp-json\/wp\/v2\/posts\/1264\/revisions\/2117"}],"wp:featuredmedia":[{"embeddable":true,"href":"https:\/\/querciahouses.com\/pt\/wp-json\/wp\/v2\/media\/1267"}],"wp:attachment":[{"href":"https:\/\/querciahouses.com\/pt\/wp-json\/wp\/v2\/media?parent=1264"}],"wp:term":[{"taxonomy":"category","embeddable":true,"href":"https:\/\/querciahouses.com\/pt\/wp-json\/wp\/v2\/categories?post=1264"},{"taxonomy":"post_tag","embeddable":true,"href":"https:\/\/querciahouses.com\/pt\/wp-json\/wp\/v2\/tags?post=1264"}],"curies":[{"name":"wp","href":"https:\/\/api.w.org\/{rel}","templated":true}]}}