{"id":1274,"date":"2022-04-05T10:07:00","date_gmt":"2022-04-05T10:07:00","guid":{"rendered":"https:\/\/querciahouses.com\/?p=1274"},"modified":"2024-05-29T11:45:34","modified_gmt":"2024-05-29T11:45:34","slug":"ponte-eiffel","status":"publish","type":"post","link":"https:\/\/querciahouses.com\/pt\/eiffel-bridge\/","title":{"rendered":"Ponte Eiffel"},"content":{"rendered":"<p>A Ponte Eiffel sobre o Rio Lima \u00e9 uma das imagens mais emblem\u00e1ticas da cidade de Viana do Castelo. Projectada por Gustave Eiffel, \u00e9 um s\u00edmbolo da arquitetura do ferro em Portugal.<\/p>\n\n\n\n<p>Mede cerca de 645 metros de comprimento e foi considerada uma obra monumental na altura<\/p>\n\n\n\n<p class=\"translation-block\">\u00c9 composto por dois tabuleiros met\u00e1licos, o superior para o tr\u00e1fego rodovi\u00e1rio e os pe\u00f5es e o inferior para a via-f\u00e9rrea, com 562 metros de comprimento e 8 metros de largura.<\/p>\n\n\n\n<p>Inaugurada em 1878, a ponte met\u00e1lica foi projectada pela Casa Eiffel de Paris e substituiu a ponte de madeira que ligava o ent\u00e3o terreiro de S\u00e3o Bento \u00e0 margem esquerda do rio Lima, junto \u00e0 capela de S\u00e3o Louren\u00e7o, na freguesia de Darque.<\/p>\n\n\n\n<p>Depois de avan\u00e7os e recuos, mudan\u00e7as de localiza\u00e7\u00e3o e v\u00e1rias teorias, foi elaborado o projeto da nova ponte, que exigiu mais de duas mil toneladas de ferro para a sua constru\u00e7\u00e3o.<\/p>","protected":false},"excerpt":{"rendered":"<p>A Ponte Eiffel sobre o Rio Lima \u00e9 uma das imagens mais emblem\u00e1ticas da cidade de Viana do Castelo. Projectada por Gustave Eiffel, \u00e9 um s\u00edmbolo da arquitetura do ferro em Portugal. Mede cerca de 645 metros de comprimento e foi considerada uma obra monumental para a \u00e9poca.<\/p>","protected":false},"author":1,"featured_media":1285,"comment_status":"closed","ping_status":"closed","sticky":false,"template":"","format":"standard","meta":{"_acf_changed":false,"rs_blank_template":"","rs_page_bg_color":"","slide_template_v7":"","footnotes":""},"categories":[24],"tags":[],"class_list":["post-1274","post","type-post","status-publish","format-standard","has-post-thumbnail","hentry","category-viana-do-castelo","generate-columns","tablet-grid-50","mobile-grid-100","grid-parent","grid-33"],"acf":[],"_links":{"self":[{"href":"https:\/\/querciahouses.com\/pt\/wp-json\/wp\/v2\/posts\/1274","targetHints":{"allow":["GET"]}}],"collection":[{"href":"https:\/\/querciahouses.com\/pt\/wp-json\/wp\/v2\/posts"}],"about":[{"href":"https:\/\/querciahouses.com\/pt\/wp-json\/wp\/v2\/types\/post"}],"author":[{"embeddable":true,"href":"https:\/\/querciahouses.com\/pt\/wp-json\/wp\/v2\/users\/1"}],"replies":[{"embeddable":true,"href":"https:\/\/querciahouses.com\/pt\/wp-json\/wp\/v2\/comments?post=1274"}],"version-history":[{"count":1,"href":"https:\/\/querciahouses.com\/pt\/wp-json\/wp\/v2\/posts\/1274\/revisions"}],"predecessor-version":[{"id":2116,"href":"https:\/\/querciahouses.com\/pt\/wp-json\/wp\/v2\/posts\/1274\/revisions\/2116"}],"wp:featuredmedia":[{"embeddable":true,"href":"https:\/\/querciahouses.com\/pt\/wp-json\/wp\/v2\/media\/1285"}],"wp:attachment":[{"href":"https:\/\/querciahouses.com\/pt\/wp-json\/wp\/v2\/media?parent=1274"}],"wp:term":[{"taxonomy":"category","embeddable":true,"href":"https:\/\/querciahouses.com\/pt\/wp-json\/wp\/v2\/categories?post=1274"},{"taxonomy":"post_tag","embeddable":true,"href":"https:\/\/querciahouses.com\/pt\/wp-json\/wp\/v2\/tags?post=1274"}],"curies":[{"name":"wp","href":"https:\/\/api.w.org\/{rel}","templated":true}]}}