{"id":1302,"date":"2022-09-15T10:54:00","date_gmt":"2022-09-15T10:54:00","guid":{"rendered":"https:\/\/querciahouses.com\/?p=1302"},"modified":"2024-03-21T15:19:35","modified_gmt":"2024-03-21T15:19:35","slug":"final-taca-davis-cup-2023","status":"publish","type":"post","link":"https:\/\/querciahouses.com\/pt\/davis-cup-finals-2023\/","title":{"rendered":"Final da Ta\u00e7a Davis de 2023"},"content":{"rendered":"<p class=\"translation-block\">Entre sexta-feira e s\u00e1bado (16 e 17 de setembro), Portugal recebe o Brasil no Centro Cultural de <a href=\"\/pt\/visite-viana-do-castelo\" target=\"_self\">Viana do Castelo<\/a> para disputar o acesso aos play-offs para as finais da Ta\u00e7a Davis de 2023, que ter\u00e3o lugar em mar\u00e7o de 2023.<\/p>\n\n\n\n<p>Na capital do Alto Minho, as duas equipas v\u00e3o defrontar-se na eliminat\u00f3ria do Grupo Mundial 1 da Ta\u00e7a Davis by Rakuten, com a equipa portuguesa a contar com o capit\u00e3o Rui Machado e os jogadores Jo\u00e3o Sousa, Nuno Borges, Gast\u00e3o Elias, Frederico Silva e Francisco Cabral.<\/p>\n\n\n\n<p>\u201cO Munic\u00edpio tem investido muito no desporto e sinal disso \u00e9 o facto de nos ter sido atribu\u00edda a honra de sermos Cidade Europeia do Desporto em 2023. A proje\u00e7\u00e3o de um torneio como a Ta\u00e7a Davis coloca-nos num patamar de responsabilidade ainda mais elevado\", afirmou o Presidente da C\u00e2mara, adiantando que as expectativas s\u00e3o \u2018as melhores\u2019 e que a casa dever\u00e1 estar cheia para receber as equipas.<\/p>","protected":false},"excerpt":{"rendered":"<p>Entre sexta-feira e s\u00e1bado (16 e 17 de setembro), Portugal vai receber o Brasil no Centro Cultural de Viana do Castelo para discutir o acesso ao \u201cplay-off\u201d de acesso \u00e0 final da Ta\u00e7a Davis de 2023, que ter\u00e1 lugar em mar\u00e7o de 2023. Na capital do Alto Minho, as duas equipas v\u00e3o defrontar-se<\/p>","protected":false},"author":1,"featured_media":1303,"comment_status":"closed","ping_status":"closed","sticky":false,"template":"","format":"standard","meta":{"_acf_changed":false,"rs_blank_template":"","rs_page_bg_color":"","slide_template_v7":"","footnotes":""},"categories":[24],"tags":[],"class_list":["post-1302","post","type-post","status-publish","format-standard","has-post-thumbnail","hentry","category-viana-do-castelo","generate-columns","tablet-grid-50","mobile-grid-100","grid-parent","grid-33"],"acf":[],"_links":{"self":[{"href":"https:\/\/querciahouses.com\/pt\/wp-json\/wp\/v2\/posts\/1302","targetHints":{"allow":["GET"]}}],"collection":[{"href":"https:\/\/querciahouses.com\/pt\/wp-json\/wp\/v2\/posts"}],"about":[{"href":"https:\/\/querciahouses.com\/pt\/wp-json\/wp\/v2\/types\/post"}],"author":[{"embeddable":true,"href":"https:\/\/querciahouses.com\/pt\/wp-json\/wp\/v2\/users\/1"}],"replies":[{"embeddable":true,"href":"https:\/\/querciahouses.com\/pt\/wp-json\/wp\/v2\/comments?post=1302"}],"version-history":[{"count":0,"href":"https:\/\/querciahouses.com\/pt\/wp-json\/wp\/v2\/posts\/1302\/revisions"}],"wp:featuredmedia":[{"embeddable":true,"href":"https:\/\/querciahouses.com\/pt\/wp-json\/wp\/v2\/media\/1303"}],"wp:attachment":[{"href":"https:\/\/querciahouses.com\/pt\/wp-json\/wp\/v2\/media?parent=1302"}],"wp:term":[{"taxonomy":"category","embeddable":true,"href":"https:\/\/querciahouses.com\/pt\/wp-json\/wp\/v2\/categories?post=1302"},{"taxonomy":"post_tag","embeddable":true,"href":"https:\/\/querciahouses.com\/pt\/wp-json\/wp\/v2\/tags?post=1302"}],"curies":[{"name":"wp","href":"https:\/\/api.w.org\/{rel}","templated":true}]}}