{"id":1305,"date":"2022-09-30T11:01:00","date_gmt":"2022-09-30T11:01:00","guid":{"rendered":"https:\/\/querciahouses.com\/?p=1305"},"modified":"2024-03-21T11:03:47","modified_gmt":"2024-03-21T11:03:47","slug":"minho-gastronomico-2022","status":"publish","type":"post","link":"https:\/\/querciahouses.com\/pt\/gastronomic-minho-2022\/","title":{"rendered":"Minho Gastron\u00f3mico 2022"},"content":{"rendered":"<p class=\"translation-block\">Entre 7 e 9 de outubro de 2022, o centro hist\u00f3rico de <a href=\"\/pt\/visite-viana-do-castelo\" target=\"_self\">Viana do Castelo<\/a> vai encher-se de doces minhotos.<\/p>\n\n\n\n<p>Biscoitos de milho de Paredes de Coura, bolos de Vizela, doces de romaria de Amares e compotas e licores com mel da Serra d'Arga, para al\u00e9m da ex-libris torta de Viana, chocolates e doces t\u00edpicos recheados com doce de leite, Santa Luzias, princesas do Lima, manjericos e p\u00e3o de l\u00f3. E n\u00e3o esquecer as bolas de Berlim, os sid\u00f3nios, os ma\u00e7ap\u00f5es e os tradicionais doces de gema de ovo.<\/p>\n\n\n\n<p>A mostra de doces regionais decorre entre a Pra\u00e7a da Rep\u00fablica e a Porta Mexia Galv\u00e3o. Este ser\u00e1 o palco do evento Doces do Minho, que traz a Viana do Castelo doces t\u00edpicos de 24 concelhos. A iniciativa inclui uma mostra de doces, workshops, m\u00fasica, dan\u00e7a e anima\u00e7\u00e3o e insere-se na iniciativa Dias Gastron\u00f3micos do Minho, promovida pela CIM Alto Minho, CIM C\u00e1vado e CIM Ave, numa tentativa de \u201clevar ao p\u00fablico o que de melhor se faz no Minho\u201d.<\/p>","protected":false},"excerpt":{"rendered":"<p>Entre os dias 7 e 9 de outubro de 2022, o centro hist\u00f3rico de Viana do Castelo vai encher-se de do\u00e7aria minhota. Biscoitos de milho de Paredes de Coura, bolos de Vizela, doces de romaria de Amares e compotas e licores com mel da Serra d'Arga, bem como a<\/p>","protected":false},"author":1,"featured_media":1306,"comment_status":"closed","ping_status":"closed","sticky":false,"template":"","format":"standard","meta":{"_acf_changed":false,"rs_blank_template":"","rs_page_bg_color":"","slide_template_v7":"","footnotes":""},"categories":[24],"tags":[],"class_list":["post-1305","post","type-post","status-publish","format-standard","has-post-thumbnail","hentry","category-viana-do-castelo","generate-columns","tablet-grid-50","mobile-grid-100","grid-parent","grid-33"],"acf":[],"_links":{"self":[{"href":"https:\/\/querciahouses.com\/pt\/wp-json\/wp\/v2\/posts\/1305","targetHints":{"allow":["GET"]}}],"collection":[{"href":"https:\/\/querciahouses.com\/pt\/wp-json\/wp\/v2\/posts"}],"about":[{"href":"https:\/\/querciahouses.com\/pt\/wp-json\/wp\/v2\/types\/post"}],"author":[{"embeddable":true,"href":"https:\/\/querciahouses.com\/pt\/wp-json\/wp\/v2\/users\/1"}],"replies":[{"embeddable":true,"href":"https:\/\/querciahouses.com\/pt\/wp-json\/wp\/v2\/comments?post=1305"}],"version-history":[{"count":0,"href":"https:\/\/querciahouses.com\/pt\/wp-json\/wp\/v2\/posts\/1305\/revisions"}],"wp:featuredmedia":[{"embeddable":true,"href":"https:\/\/querciahouses.com\/pt\/wp-json\/wp\/v2\/media\/1306"}],"wp:attachment":[{"href":"https:\/\/querciahouses.com\/pt\/wp-json\/wp\/v2\/media?parent=1305"}],"wp:term":[{"taxonomy":"category","embeddable":true,"href":"https:\/\/querciahouses.com\/pt\/wp-json\/wp\/v2\/categories?post=1305"},{"taxonomy":"post_tag","embeddable":true,"href":"https:\/\/querciahouses.com\/pt\/wp-json\/wp\/v2\/tags?post=1305"}],"curies":[{"name":"wp","href":"https:\/\/api.w.org\/{rel}","templated":true}]}}