{"id":1347,"date":"2023-11-17T15:22:00","date_gmt":"2023-11-17T15:22:00","guid":{"rendered":"https:\/\/querciahouses.com\/?p=1347"},"modified":"2024-03-21T15:27:11","modified_gmt":"2024-03-21T15:27:11","slug":"elevador-de-santa-luzia","status":"publish","type":"post","link":"https:\/\/querciahouses.com\/pt\/santa-luzia-lift\/","title":{"rendered":"Elevador de Santa Luzia"},"content":{"rendered":"<p>O Elevador de Santa Luzia foi inaugurado a 2 de junho de 1923. Vencendo um desn\u00edvel de 160 metros em seis a sete minutos, o Elevador de Santa Luzia \u00e9 o mais longo de todos os funiculares do pa\u00eds, com os seus 650 metros, mais do dobro da dist\u00e2ncia do seguinte, o da Nazar\u00e9 (310 metros), enquanto em Lisboa existem os elevadores da Bica (283 metros), da Gl\u00f3ria (276 metros) e do Lavra (188 metros) e em Braga, o do Bom Jesus, com apenas 274 metros.<\/p>\n\n\n\n<p>A capacidade \u00e9 de 24 passageiros, onze sentados e treze de p\u00e9, podendo tamb\u00e9m transportar pessoas em cadeiras de rodas, carrinhos de beb\u00e9 e duas bicicletas.<\/p>\n\n\n\n<p>Os bilhetes custam 3 euros para a viagem de ida e volta no mesmo dia e 2 euros para uma \u00fanica subida ou descida, e existe um passe mensal de 30 euros para os utilizadores regulares.<\/p>\n\n\n\n<h3 class=\"wp-block-heading\">Contactos<\/h3>\n\n\n\n<p><strong>Telefone:<\/strong> <a href=\"tel:+351258809333\">258 809 333<\/a><\/p>\n\n\n\n<p><strong>E-mail: <\/strong><a href=\"mailto:funicular.viana@liftech.pt\">funicular.viana@liftech.pt<\/a><\/p>\n\n\n\n<p>Fonte: cm-viana-castelo.pt<\/p>","protected":false},"excerpt":{"rendered":"<p>O Elevador de Santa Luzia foi inaugurado a 2 de junho de 1923. Vencendo um desn\u00edvel de 160 metros em seis a sete minutos, o Elevador de Santa Luzia \u00e9 o mais longo de todos os funiculares do pa\u00eds, com os seus 650 metros, mais do dobro da dist\u00e2ncia do seguinte, o<\/p>","protected":false},"author":1,"featured_media":1349,"comment_status":"closed","ping_status":"closed","sticky":false,"template":"","format":"standard","meta":{"_acf_changed":false,"rs_blank_template":"","rs_page_bg_color":"","slide_template_v7":"","footnotes":""},"categories":[24],"tags":[],"class_list":["post-1347","post","type-post","status-publish","format-standard","has-post-thumbnail","hentry","category-viana-do-castelo","generate-columns","tablet-grid-50","mobile-grid-100","grid-parent","grid-33"],"acf":[],"_links":{"self":[{"href":"https:\/\/querciahouses.com\/pt\/wp-json\/wp\/v2\/posts\/1347","targetHints":{"allow":["GET"]}}],"collection":[{"href":"https:\/\/querciahouses.com\/pt\/wp-json\/wp\/v2\/posts"}],"about":[{"href":"https:\/\/querciahouses.com\/pt\/wp-json\/wp\/v2\/types\/post"}],"author":[{"embeddable":true,"href":"https:\/\/querciahouses.com\/pt\/wp-json\/wp\/v2\/users\/1"}],"replies":[{"embeddable":true,"href":"https:\/\/querciahouses.com\/pt\/wp-json\/wp\/v2\/comments?post=1347"}],"version-history":[{"count":0,"href":"https:\/\/querciahouses.com\/pt\/wp-json\/wp\/v2\/posts\/1347\/revisions"}],"wp:featuredmedia":[{"embeddable":true,"href":"https:\/\/querciahouses.com\/pt\/wp-json\/wp\/v2\/media\/1349"}],"wp:attachment":[{"href":"https:\/\/querciahouses.com\/pt\/wp-json\/wp\/v2\/media?parent=1347"}],"wp:term":[{"taxonomy":"category","embeddable":true,"href":"https:\/\/querciahouses.com\/pt\/wp-json\/wp\/v2\/categories?post=1347"},{"taxonomy":"post_tag","embeddable":true,"href":"https:\/\/querciahouses.com\/pt\/wp-json\/wp\/v2\/tags?post=1347"}],"curies":[{"name":"wp","href":"https:\/\/api.w.org\/{rel}","templated":true}]}}