{"id":1351,"date":"2023-12-08T15:29:00","date_gmt":"2023-12-08T15:29:00","guid":{"rendered":"https:\/\/querciahouses.com\/?p=1351"},"modified":"2024-03-21T15:34:32","modified_gmt":"2024-03-21T15:34:32","slug":"viana-do-castelo-is-the-heart-of-christmas","status":"publish","type":"post","link":"https:\/\/querciahouses.com\/pt\/viana-do-castelo-is-the-heart-of-christmas\/","title":{"rendered":"Viana do Castelo \u00e9 o cora\u00e7\u00e3o do Natal"},"content":{"rendered":"<p><strong>\u201cViana Cora\u00e7\u00e3o de Natal\u201d regressa para assinalar o per\u00edodo festivo do Natal e da Passagem de Ano em Viana do Castelo, de 8 de dezembro de 2023 a 7 de janeiro de 2024.<\/strong><\/p>\n\n\n\n<p>Pra\u00e7a de Natal, pista de gelo, mini carrossel, carrossel ecol\u00f3gico, Mercado de Natal, anima\u00e7\u00e3o de rua e circense, concertos, actividades infantis, pres\u00e9pios e exposi\u00e7\u00f5es comp\u00f5em um programa diversificado de 88 eventos centrados na quinzena que antecede o Natal.<\/p>\n\n\n\n<p>No dia 31 de dezembro, \u00e0 meia-noite, ser\u00e1 lan\u00e7ado o habitual fogo de artif\u00edcio sobre o Rio Lima e haver\u00e1 R\u00e9veillon para entrar em 2024 com o p\u00e9 direito. O dia 1 de janeiro de 2024 ser\u00e1 marcado pelo Concerto de Ano Novo no Teatro Municipal S\u00e1 de Miranda, \u00e0s 17h00, pela Orquestra Filarm\u00f3nica de Braga, com entrada livre.<\/p>\n\n\n\n<p>O programa completo pode ser consultado aqui.<\/p>\n\n\n\n<p>Fonte: cm-viana-castelo.pt<\/p>","protected":false},"excerpt":{"rendered":"<p>\u201cViana Cora\u00e7\u00e3o de Natal\u201d regressa para assinalar o per\u00edodo festivo do Natal e da Passagem de Ano em Viana do Castelo, de 8 de dezembro de 2023 a 7 de janeiro de 2024. Pra\u00e7a de Natal, pista de gelo, mini carrossel, carrossel ecol\u00f3gico, Mercado de Natal, anima\u00e7\u00e3o de rua e anima\u00e7\u00e3o circense, concertos, actividades infantis, pres\u00e9pios e exposi\u00e7\u00f5es<\/p>","protected":false},"author":1,"featured_media":1353,"comment_status":"closed","ping_status":"closed","sticky":false,"template":"","format":"standard","meta":{"_acf_changed":false,"rs_blank_template":"","rs_page_bg_color":"","slide_template_v7":"","footnotes":""},"categories":[24],"tags":[],"class_list":["post-1351","post","type-post","status-publish","format-standard","has-post-thumbnail","hentry","category-viana-do-castelo","generate-columns","tablet-grid-50","mobile-grid-100","grid-parent","grid-33"],"acf":[],"_links":{"self":[{"href":"https:\/\/querciahouses.com\/pt\/wp-json\/wp\/v2\/posts\/1351","targetHints":{"allow":["GET"]}}],"collection":[{"href":"https:\/\/querciahouses.com\/pt\/wp-json\/wp\/v2\/posts"}],"about":[{"href":"https:\/\/querciahouses.com\/pt\/wp-json\/wp\/v2\/types\/post"}],"author":[{"embeddable":true,"href":"https:\/\/querciahouses.com\/pt\/wp-json\/wp\/v2\/users\/1"}],"replies":[{"embeddable":true,"href":"https:\/\/querciahouses.com\/pt\/wp-json\/wp\/v2\/comments?post=1351"}],"version-history":[{"count":0,"href":"https:\/\/querciahouses.com\/pt\/wp-json\/wp\/v2\/posts\/1351\/revisions"}],"wp:featuredmedia":[{"embeddable":true,"href":"https:\/\/querciahouses.com\/pt\/wp-json\/wp\/v2\/media\/1353"}],"wp:attachment":[{"href":"https:\/\/querciahouses.com\/pt\/wp-json\/wp\/v2\/media?parent=1351"}],"wp:term":[{"taxonomy":"category","embeddable":true,"href":"https:\/\/querciahouses.com\/pt\/wp-json\/wp\/v2\/categories?post=1351"},{"taxonomy":"post_tag","embeddable":true,"href":"https:\/\/querciahouses.com\/pt\/wp-json\/wp\/v2\/tags?post=1351"}],"curies":[{"name":"wp","href":"https:\/\/api.w.org\/{rel}","templated":true}]}}