{"id":1354,"date":"2023-12-27T15:37:00","date_gmt":"2023-12-27T15:37:00","guid":{"rendered":"https:\/\/querciahouses.com\/?p=1354"},"modified":"2024-03-21T15:40:53","modified_gmt":"2024-03-21T15:40:53","slug":"ano-novo-em-viana-do-castelo","status":"publish","type":"post","link":"https:\/\/querciahouses.com\/pt\/new-years-eve-in-viana-do-castelo\/","title":{"rendered":"Fim de ano em Viana do Castelo"},"content":{"rendered":"<p class=\"translation-block\">Ainda n\u00e3o tem planos para a passagem de ano? Partilhamos consigo o programa festivo da cidade de <a href=\"\/pt\/visite-viana-do-castelo\" target=\"_self\">Viana do Castelo<\/a>.<\/p>\n\n\n\n<p class=\"translation-block\">Celebre a passagem de ano com fogo de artif\u00edcio \u00e0 meia-noite a partir do rio Lima.<\/p>\n\n\n\n<p>Na Pra\u00e7a da Liberdade (espa\u00e7o fechado), entre as 00:00 e as 06:00, haver\u00e1 anima\u00e7\u00e3o com o DJ Pette e as participa\u00e7\u00f5es especiais do DJ Blackbounce e do DJ F\u00e1bio Gon\u00e7alves.<\/p>\n\n\n\n<p>Os bilhetes para a anima\u00e7\u00e3o na Pra\u00e7a da Liberdade est\u00e3o dispon\u00edveis em: https:\/\/e.3cket.com\/reveillon<\/p>\n\n\n\n<p>O dia 1 de janeiro de 2024 ser\u00e1 marcado pelo Concerto de Ano Novo no Teatro Municipal S\u00e1 de Miranda, \u00e0s 17h00, pela Orquestra Filarm\u00f3nica de Braga, com entrada livre.<\/p>\n\n\n\n<p>Fonte: cm-viana-castelo.pt<\/p>","protected":false},"excerpt":{"rendered":"<p>Ainda n\u00e3o tem planos para a passagem de ano? Partilhamos consigo o programa festivo da cidade de Viana do Castelo. A cidade de Viana do Castelo celebra a passagem de ano com fogo de artif\u00edcio \u00e0 meia-noite a partir do rio Lima. Na Pra\u00e7a da Liberdade<\/p>","protected":false},"author":1,"featured_media":1356,"comment_status":"closed","ping_status":"closed","sticky":false,"template":"","format":"standard","meta":{"_acf_changed":false,"rs_blank_template":"","rs_page_bg_color":"","slide_template_v7":"","footnotes":""},"categories":[24],"tags":[],"class_list":["post-1354","post","type-post","status-publish","format-standard","has-post-thumbnail","hentry","category-viana-do-castelo","generate-columns","tablet-grid-50","mobile-grid-100","grid-parent","grid-33"],"acf":[],"_links":{"self":[{"href":"https:\/\/querciahouses.com\/pt\/wp-json\/wp\/v2\/posts\/1354","targetHints":{"allow":["GET"]}}],"collection":[{"href":"https:\/\/querciahouses.com\/pt\/wp-json\/wp\/v2\/posts"}],"about":[{"href":"https:\/\/querciahouses.com\/pt\/wp-json\/wp\/v2\/types\/post"}],"author":[{"embeddable":true,"href":"https:\/\/querciahouses.com\/pt\/wp-json\/wp\/v2\/users\/1"}],"replies":[{"embeddable":true,"href":"https:\/\/querciahouses.com\/pt\/wp-json\/wp\/v2\/comments?post=1354"}],"version-history":[{"count":0,"href":"https:\/\/querciahouses.com\/pt\/wp-json\/wp\/v2\/posts\/1354\/revisions"}],"wp:featuredmedia":[{"embeddable":true,"href":"https:\/\/querciahouses.com\/pt\/wp-json\/wp\/v2\/media\/1356"}],"wp:attachment":[{"href":"https:\/\/querciahouses.com\/pt\/wp-json\/wp\/v2\/media?parent=1354"}],"wp:term":[{"taxonomy":"category","embeddable":true,"href":"https:\/\/querciahouses.com\/pt\/wp-json\/wp\/v2\/categories?post=1354"},{"taxonomy":"post_tag","embeddable":true,"href":"https:\/\/querciahouses.com\/pt\/wp-json\/wp\/v2\/tags?post=1354"}],"curies":[{"name":"wp","href":"https:\/\/api.w.org\/{rel}","templated":true}]}}