{"id":1358,"date":"2024-01-23T15:42:00","date_gmt":"2024-01-23T15:42:00","guid":{"rendered":"https:\/\/querciahouses.com\/?p=1358"},"modified":"2024-03-21T15:48:30","modified_gmt":"2024-03-21T15:48:30","slug":"viana-a-lenda-dos-coracoes-de-ouro","status":"publish","type":"post","link":"https:\/\/querciahouses.com\/pt\/viana-the-legend-of-the-golden-hearts\/","title":{"rendered":"\u201cViana - A Lenda dos Cora\u00e7\u00f5es de Ouro\u201d - Estreia mundial da anima\u00e7\u00e3o em Viana"},"content":{"rendered":"<p class=\"translation-block\"><strong>Atrav\u00e9s de um protocolo aprovado em reuni\u00e3o ordin\u00e1ria do executivo, a C\u00e2mara municipal da cidade de <a href=\"\/pt\/visite-viana-do-castelo\" target=\"_self\">Viana do Castelo<\/a> garantiu a estreia mundial do filme de anima\u00e7\u00e3o \u201cViana - A Lenda dos Cora\u00e7\u00f5es de Ouro\u201d na cidade. A estreia mundial contar\u00e1 com a presen\u00e7a dos actores do elenco, bem como de artistas musicais e de personalidades conhecidas do sector.<\/strong><\/p>\n\n\n\n<p>Com as vozes de Daniela Melchior (Ana), Luke Newton (Thomas) e P\u00eap\u00ea Rapazote (Don Florentin, General), o filme de anima\u00e7\u00e3o portugu\u00eas mistura aventura, com\u00e9dia, romance e m\u00fasica e \u00e9 inspirado na lenda do amor de Viana do Castelo.<\/p>\n\n\n\n<p>O filme \u00e9 produzido por Rui Lima Miranda, com produ\u00e7\u00e3o executiva de Andr\u00e9 Picado e realiza\u00e7\u00e3o de Rodrigo Carvalho.<\/p>\n\n\n\n<p>O ator ingl\u00eas Luke Newton, conhecido pelo seu papel na s\u00e9rie da Netflix \u201cBridgerton\u201d, d\u00e1 voz a Thomas, um artes\u00e3o de guitarras portugu\u00eas que se apaixona pela Princesa Ana, interpretada por Daniela Melchior.<\/p>\n\n\n\n<p><strong>\u201cUm filme de anima\u00e7\u00e3o em 3D inspirado nas tradi\u00e7\u00f5es, na arquitetura e nos costumes de Viana do Castelo, para crian\u00e7as e fam\u00edlias, que vai estrear em julho de 2025\u201d, com \u201cum elenco internacional de actores premiados e com enorme popularidade\u201d.<\/strong><\/p>\n\n\n\n<p><strong>\u201cA hist\u00f3ria leva-nos ao norte do Portugal medieval, onde a bela Ana se apaixona pelo pobre artes\u00e3o Tom\u00e1s. A hist\u00f3ria de um amor imposs\u00edvel, porque o pai dela exige que os pretendentes da filha apresentem uma joia como prova de nobreza. Mas o jovem casal recusa-se a desistir. Com a ajuda dos seus fi\u00e9is companheiros, a generosidade das mulheres da cidade e o talento de um misterioso joalheiro, Ana e Tom\u00e1s enfrentar\u00e3o muitos desafios por amor, incluindo o poderoso e malvado Duque de Arag\u00e3o\", diz a sinopse.<\/strong><\/p>\n\n\n\n<p>A anima\u00e7\u00e3o produzida pela Watermelon tem um or\u00e7amento de 10 milh\u00f5es de euros e conta com o apoio do Fundo de Apoio ao Turismo e Cinema e do Instituto do Cinema e Audiovisual (ICA). Com uma dura\u00e7\u00e3o de 100 minutos, \u201cViana - A Lenda dos Cora\u00e7\u00f5es de Ouro\u201d tem estreia prevista para o ver\u00e3o de 2025.<\/p>","protected":false},"excerpt":{"rendered":"<p>Atrav\u00e9s de um protocolo aprovado em reuni\u00e3o ordin\u00e1ria do executivo, a C\u00e2mara Municipal de Viana do Castelo garantiu a estreia mundial do filme de anima\u00e7\u00e3o \u201cViana - A Lenda dos Cora\u00e7\u00f5es de Ouro\u201d na cidade. A estreia mundial contar\u00e1 com a presen\u00e7a dos actores do elenco, bem como os espect\u00e1culos musicais<\/p>","protected":false},"author":1,"featured_media":1365,"comment_status":"closed","ping_status":"closed","sticky":false,"template":"","format":"standard","meta":{"_acf_changed":false,"rs_blank_template":"","rs_page_bg_color":"","slide_template_v7":"","footnotes":""},"categories":[24],"tags":[],"class_list":["post-1358","post","type-post","status-publish","format-standard","has-post-thumbnail","hentry","category-viana-do-castelo","generate-columns","tablet-grid-50","mobile-grid-100","grid-parent","grid-33"],"acf":[],"_links":{"self":[{"href":"https:\/\/querciahouses.com\/pt\/wp-json\/wp\/v2\/posts\/1358","targetHints":{"allow":["GET"]}}],"collection":[{"href":"https:\/\/querciahouses.com\/pt\/wp-json\/wp\/v2\/posts"}],"about":[{"href":"https:\/\/querciahouses.com\/pt\/wp-json\/wp\/v2\/types\/post"}],"author":[{"embeddable":true,"href":"https:\/\/querciahouses.com\/pt\/wp-json\/wp\/v2\/users\/1"}],"replies":[{"embeddable":true,"href":"https:\/\/querciahouses.com\/pt\/wp-json\/wp\/v2\/comments?post=1358"}],"version-history":[{"count":0,"href":"https:\/\/querciahouses.com\/pt\/wp-json\/wp\/v2\/posts\/1358\/revisions"}],"wp:featuredmedia":[{"embeddable":true,"href":"https:\/\/querciahouses.com\/pt\/wp-json\/wp\/v2\/media\/1365"}],"wp:attachment":[{"href":"https:\/\/querciahouses.com\/pt\/wp-json\/wp\/v2\/media?parent=1358"}],"wp:term":[{"taxonomy":"category","embeddable":true,"href":"https:\/\/querciahouses.com\/pt\/wp-json\/wp\/v2\/categories?post=1358"},{"taxonomy":"post_tag","embeddable":true,"href":"https:\/\/querciahouses.com\/pt\/wp-json\/wp\/v2\/tags?post=1358"}],"curies":[{"name":"wp","href":"https:\/\/api.w.org\/{rel}","templated":true}]}}