{"id":2153,"date":"2024-05-11T10:18:27","date_gmt":"2024-05-11T10:18:27","guid":{"rendered":"https:\/\/querciahouses.com\/?p=2153"},"modified":"2024-06-14T11:23:12","modified_gmt":"2024-06-14T11:23:12","slug":"praias-qualidade-de-ouro-em-viana-do-castelo","status":"publish","type":"post","link":"https:\/\/querciahouses.com\/pt\/golden-quality-beaches-viana-do-castelo\/","title":{"rendered":"Praias de Viana do Castelo \"Qualidade de Ouro\u00a0"},"content":{"rendered":"<p class=\"translation-block\"><strong><a href=\"\/pt\/visite-viana-do-castelo\" target=\"_self\">Viana do Castelo<\/a> tem 10 praias consideradas \"Qualidade de Ouro\" pela Quercus - Associa\u00e7\u00e3o Nacional de Conserva\u00e7\u00e3o da Natureza, numa garantia de excelente qualidade para a \u00e9poca balnear de 2024. Assim, foram galardoadas com a bandeira de ouro as praias de Afife, Arda, Pa\u00e7\u00f4, Carre\u00e7o, Norte, Cabedelo, Luziamar, Amorosa norte, Amorosa sul e Castelo do Neiva.<\/strong><\/p>\n\n\n\n<p>Para a \u00e9poca balnear que est\u00e1 prestes a come\u00e7ar, Viana do Castelo j\u00e1 tinha conquistado 11 Bandeiras Azuis, uma distin\u00e7\u00e3o atribu\u00edda pela Associa\u00e7\u00e3o Bandeira Azul para o Ambiente e Educa\u00e7\u00e3o (ABAEE). No concelho vianense, as praias galardoadas com a bandeira azul s\u00e3o \u00cdnsua, Afife, Arda, Pa\u00e7\u00f4, Carre\u00e7o, Norte, Cabedelo, Luziamar, Amorosa Norte, Amorosa Sul e Castelo do Neiva. A novidade \u00e9 o pr\u00e9mio atribu\u00eddo \u00e0 praia da Amorosa Sul, um compromisso da C\u00e2mara Municipal, que decidiu voltar a nomear esta praia, dando continuidade ao objetivo de aumentar progressivamente a qualidade e distin\u00e7\u00e3o das v\u00e1rias praias deste concelho.<\/p>\n\n\n\n<p>Para receber a classifica\u00e7\u00e3o de \"Praia com Qualidade de Ouro\", a \u00e1gua balnear deve cumprir os seguintes crit\u00e9rios: Qualidade da \u00e1gua \"excelente\" na classifica\u00e7\u00e3o anual das cinco \u00e9pocas balneares anteriores \u00e0 \u00faltima (neste caso, entre 2018 e 2022); todas as an\u00e1lises realizadas na \u00faltima \u00e9poca balnear (2023) devem ter apresentado melhores resultados para os seguintes indicadores bacterianos face aos valores definidos para o percentil 95 do Anexo I da Diretiva \u00c1guas Balneares; Na \u00faltima \u00e9poca balnear (2023), n\u00e3o deve ter havido qualquer tipo de ocorr\u00eancia\/aviso desaconselhando a pr\u00e1tica balnear, interditando o banho e\/ou encerrando temporariamente a praia.<\/p>\n\n\n\n<p>Fonte: cm-viana-castelo.pt<\/p>","protected":false},"excerpt":{"rendered":"<p>Viana do Castelo has 10 beaches considered \u201cGold Quality\u201d by Quercus \u2013 National Association for Nature Conservation, in a guarantee of excellent quality for the 2024 bathing season. Thus, the beaches of Afife were awarded the gold flag , Arda, Pa\u00e7\u00f4, Carre\u00e7o, Norte, Cabedelo, Luziamar, Amorosa north, Amorosa south and<\/p>","protected":false},"author":2,"featured_media":2160,"comment_status":"closed","ping_status":"closed","sticky":false,"template":"","format":"standard","meta":{"_acf_changed":false,"rs_blank_template":"","rs_page_bg_color":"","slide_template_v7":"","footnotes":""},"categories":[24],"tags":[],"class_list":["post-2153","post","type-post","status-publish","format-standard","has-post-thumbnail","hentry","category-viana-do-castelo","generate-columns","tablet-grid-50","mobile-grid-100","grid-parent","grid-33"],"acf":[],"_links":{"self":[{"href":"https:\/\/querciahouses.com\/pt\/wp-json\/wp\/v2\/posts\/2153","targetHints":{"allow":["GET"]}}],"collection":[{"href":"https:\/\/querciahouses.com\/pt\/wp-json\/wp\/v2\/posts"}],"about":[{"href":"https:\/\/querciahouses.com\/pt\/wp-json\/wp\/v2\/types\/post"}],"author":[{"embeddable":true,"href":"https:\/\/querciahouses.com\/pt\/wp-json\/wp\/v2\/users\/2"}],"replies":[{"embeddable":true,"href":"https:\/\/querciahouses.com\/pt\/wp-json\/wp\/v2\/comments?post=2153"}],"version-history":[{"count":6,"href":"https:\/\/querciahouses.com\/pt\/wp-json\/wp\/v2\/posts\/2153\/revisions"}],"predecessor-version":[{"id":2164,"href":"https:\/\/querciahouses.com\/pt\/wp-json\/wp\/v2\/posts\/2153\/revisions\/2164"}],"wp:featuredmedia":[{"embeddable":true,"href":"https:\/\/querciahouses.com\/pt\/wp-json\/wp\/v2\/media\/2160"}],"wp:attachment":[{"href":"https:\/\/querciahouses.com\/pt\/wp-json\/wp\/v2\/media?parent=2153"}],"wp:term":[{"taxonomy":"category","embeddable":true,"href":"https:\/\/querciahouses.com\/pt\/wp-json\/wp\/v2\/categories?post=2153"},{"taxonomy":"post_tag","embeddable":true,"href":"https:\/\/querciahouses.com\/pt\/wp-json\/wp\/v2\/tags?post=2153"}],"curies":[{"name":"wp","href":"https:\/\/api.w.org\/{rel}","templated":true}]}}